{"id":7822,"date":"2025-02-11T21:02:02","date_gmt":"2025-02-11T20:02:02","guid":{"rendered":"https:\/\/radio8.live\/?p=7822"},"modified":"2025-02-11T21:03:07","modified_gmt":"2025-02-11T20:03:07","slug":"sanremo-2025-un-palcoscenico-di-emozioni-e-talento","status":"publish","type":"post","link":"https:\/\/radio8.live\/?p=7822","title":{"rendered":"Sanremo 2025: Un Palcoscenico di Emozioni e Talento"},"content":{"rendered":"<p>Il\u00a0<strong><a class=\"cursor-pointer\" title=\"www.google.com\/search?q=Festival%20di%20Sanremo\">Festival di Sanremo<\/a><\/strong>, giunto alla sua\u00a0<strong><a class=\"cursor-pointer\" title=\"www.google.com\/search?q=75%C2%AA%20edizione\">75\u00aa edizione<\/a><\/strong>, \u00e8 un appuntamento imperdibile per gli amanti della musica italiana. Quest&#8217;anno, il festival si svolge dal\u00a0<strong>10 al 15 febbraio 2025<\/strong>, e promette di essere un evento ricco di emozioni, talenti e momenti indimenticabili.<\/p>\n<h3 class=\"my-[1em] leading-[1.4] text-[14px]\"><strong>La Lineup di Quest&#8217;Anno<\/strong><\/h3>\n<p>La prima serata ha visto esibirsi una lineup eclettica di artisti, tra cui:<\/p>\n<ul class=\"[&amp;&gt;li]:custom-bullet pl-[18px] rtl:pr-[18px]\" style=\"box-sizing: border-box; --tw-border-spacing-x: 0; --tw-border-spacing-y: 0; --tw-translate-x: 0; --tw-translate-y: 0; --tw-rotate: 0; --tw-skew-x: 0; --tw-skew-y: 0; --tw-scale-x: 1; --tw-scale-y: 1; --tw-scroll-snap-strictness: proximity; --tw-ring-offset-width: 0px; --tw-ring-offset-color: #fff; --tw-ring-color: rgb(59 130 246 \/ 0.5); --tw-ring-offset-shadow: 0 0 #0000; --tw-ring-shadow: 0 0 #0000; --tw-shadow: 0 0 #0000; --tw-shadow-colored: 0 0 #0000; list-style: none; margin: 0px; padding: 0px 0px 0px 18px; color: #ffffff; font-family: 'Be Vietnam'; font-size: 14px; font-style: normal; font-variant-ligatures: normal; font-variant-caps: normal; font-weight: 400; letter-spacing: normal; orphans: 2; text-align: start; text-indent: 0px; text-transform: none; widows: 2; word-spacing: 0px; -webkit-text-stroke-width: 0px; white-space: normal; background-color: #000000; text-decoration-thickness: initial; text-decoration-style: initial; text-decoration-color: initial; border: 0px solid #e5e7eb;\">\n<li><strong><a class=\"cursor-pointer\" title=\"www.google.com\/search?q=Gaia\">Gaia<\/a><\/strong>: Ha aperto la gara con il suo stile unico e coinvolgente.<\/li>\n<li><strong><a class=\"cursor-pointer\" title=\"www.google.com\/search?q=Francesco%20Gabbani\">Francesco Gabbani<\/a><\/strong>: Con il suo inconfondibile ritmo, ha portato sul palco un brano che promette di far ballare il pubblico.<\/li>\n<li><strong><a class=\"cursor-pointer\" title=\"www.google.com\/search?q=Rkomi\">Rkomi<\/a><\/strong>: Un artista che continua a conquistare le classifiche con la sua musica innovativa.<\/li>\n<li><strong><a class=\"cursor-pointer\" title=\"www.google.com\/search?q=The%20Kolors\">The Kolors<\/a><\/strong>: Hanno chiuso la serata con un&#8217;esibizione energica e colorata.<\/li>\n<\/ul>\n<h3 class=\"my-[1em] leading-[1.4] text-[14px]\"><strong>Momenti Salienti e Ospiti Speciali<\/strong><\/h3>\n<p>Quest&#8217;anno, il festival non \u00e8 solo una competizione musicale, ma anche un palcoscenico per ospiti speciali e performance straordinarie.\u00a0<strong><a class=\"cursor-pointer\" title=\"www.google.com\/search?q=Miriam%20Leone\">Miriam Leone<\/a><\/strong>\u00a0affiancher\u00e0\u00a0<strong><a class=\"cursor-pointer\" title=\"www.google.com\/search?q=Carlo%20Conti\">Carlo Conti<\/a><\/strong>\u00a0nella conduzione della terza serata, insieme a\u00a0<strong><a class=\"cursor-pointer\" title=\"www.google.com\/search?q=Elettra%20Lamborghini\">Elettra Lamborghini<\/a><\/strong>, promettendo un mix di eleganza e divertimento.<\/p>\n<h3 class=\"my-[1em] leading-[1.4] text-[14px]\"><strong>La Magia di\u00a0<a class=\"cursor-pointer\" title=\"www.google.com\/search?q=Sanremo\">Sanremo<\/a><\/strong><\/h3>\n<p><a class=\"cursor-pointer\" title=\"www.google.com\/search?q=Sanremo\">Sanremo<\/a>\u00a0\u00e8 molto pi\u00f9 di un semplice festival; \u00e8 un viaggio attraverso la musica e le emozioni. Ogni artista porta con s\u00e9 una storia, un messaggio e una passione che risuona nel cuore del pubblico. La musica diventa un linguaggio universale, capace di unire generazioni e culture diverse.<\/p>\n<h3 class=\"my-[1em] leading-[1.4] text-[14px]\"><strong>Un Evento da Non Perdere<\/strong><\/h3>\n<p>Con una programmazione ricca e variegata, il\u00a0<a class=\"cursor-pointer\" title=\"www.google.com\/search?q=Festival%20di%20Sanremo%202025\">Festival di Sanremo 2025<\/a>\u00a0si preannuncia come un evento da non perdere. Ogni serata offre l&#8217;opportunit\u00e0 di scoprire nuovi talenti e di rivivere le emozioni di artisti affermati.<\/p>\n","protected":false},"excerpt":{"rendered":"<p>Il\u00a0Festival di Sanremo, giunto alla sua\u00a075\u00aa edizione, \u00e8 un appuntamento imperdibile per gli amanti della musica italiana. Quest&#8217;anno, il festival si svolge dal\u00a010 al 15 febbraio 2025, e promette di essere un evento ricco di emozioni, talenti e momenti indimenticabili. La Lineup di Quest&#8217;Anno La prima serata ha visto esibirsi ...<\/p>\n","protected":false},"author":1,"featured_media":7823,"comment_status":"open","ping_status":"open","sticky":false,"template":"","format":"standard","meta":{"_joinchat":[],"footnotes":""},"categories":[80,200],"tags":[],"class_list":["post-7822","post","type-post","status-publish","format-standard","has-post-thumbnail","hentry","category-artisti","category-perche-sanremo-e-sanremo"],"_links":{"self":[{"href":"https:\/\/radio8.live\/index.php?rest_route=\/wp\/v2\/posts\/7822","targetHints":{"allow":["GET"]}}],"collection":[{"href":"https:\/\/radio8.live\/index.php?rest_route=\/wp\/v2\/posts"}],"about":[{"href":"https:\/\/radio8.live\/index.php?rest_route=\/wp\/v2\/types\/post"}],"author":[{"embeddable":true,"href":"https:\/\/radio8.live\/index.php?rest_route=\/wp\/v2\/users\/1"}],"replies":[{"embeddable":true,"href":"https:\/\/radio8.live\/index.php?rest_route=%2Fwp%2Fv2%2Fcomments&post=7822"}],"version-history":[{"count":1,"href":"https:\/\/radio8.live\/index.php?rest_route=\/wp\/v2\/posts\/7822\/revisions"}],"predecessor-version":[{"id":7824,"href":"https:\/\/radio8.live\/index.php?rest_route=\/wp\/v2\/posts\/7822\/revisions\/7824"}],"wp:featuredmedia":[{"embeddable":true,"href":"https:\/\/radio8.live\/index.php?rest_route=\/wp\/v2\/media\/7823"}],"wp:attachment":[{"href":"https:\/\/radio8.live\/index.php?rest_route=%2Fwp%2Fv2%2Fmedia&parent=7822"}],"wp:term":[{"taxonomy":"category","embeddable":true,"href":"https:\/\/radio8.live\/index.php?rest_route=%2Fwp%2Fv2%2Fcategories&post=7822"},{"taxonomy":"post_tag","embeddable":true,"href":"https:\/\/radio8.live\/index.php?rest_route=%2Fwp%2Fv2%2Ftags&post=7822"}],"curies":[{"name":"wp","href":"https:\/\/api.w.org\/{rel}","templated":true}]}}