{"id":7641,"date":"2022-10-14T20:26:10","date_gmt":"2022-10-14T18:26:10","guid":{"rendered":"http:\/\/radio8.live\/?p=7641"},"modified":"2022-10-14T20:26:10","modified_gmt":"2022-10-14T18:26:10","slug":"pausa-caffe","status":"publish","type":"post","link":"https:\/\/radio8.live\/?p=7641","title":{"rendered":"pausa Caff\u00e8"},"content":{"rendered":"<p>La speaker Flavia Messina cambia orario con il suo programma pausa Caff\u00e8, che andr\u00e0 in onda sempre tutti i giorni dal lunedi al venerdi.<\/p>\n<h3>L&#8217;orario autunnale sr\u00e0 dalle 17.00 alle 19.00<\/h3>\n<p>Ascoltate Flavia Messina perch\u00e8 la caffeina \u00e8 un\u2019arma di resurrezione di massa piena di musica e notizie curiose e fantastiche.<\/p>\n<p><img fetchpriority=\"high\" decoding=\"async\" class=\"alignnone size-medium wp-image-7642\" src=\"http:\/\/radio8.live\/wp-content\/uploads\/2022\/10\/chrome_RuD4F8SrYo-770x264.png\" alt=\"\" width=\"770\" height=\"264\" srcset=\"https:\/\/radio8.live\/wp-content\/uploads\/2022\/10\/chrome_RuD4F8SrYo-770x264.png 770w, https:\/\/radio8.live\/wp-content\/uploads\/2022\/10\/chrome_RuD4F8SrYo-768x263.png 768w, https:\/\/radio8.live\/wp-content\/uploads\/2022\/10\/chrome_RuD4F8SrYo.png 967w\" sizes=\"(max-width: 770px) 100vw, 770px\" \/><\/p>\n<p>&nbsp;<\/p>\n","protected":false},"excerpt":{"rendered":"<p>La speaker Flavia Messina cambia orario con il suo programma pausa Caff\u00e8, che andr\u00e0 in onda sempre tutti i giorni dal lunedi al venerdi. L&#8217;orario autunnale sr\u00e0 dalle 17.00 alle 19.00 Ascoltate Flavia Messina perch\u00e8 la caffeina \u00e8 un\u2019arma di resurrezione di massa piena di musica e notizie curiose e ...<\/p>\n","protected":false},"author":1,"featured_media":7019,"comment_status":"open","ping_status":"open","sticky":false,"template":"","format":"standard","meta":{"_joinchat":[],"footnotes":""},"categories":[174],"tags":[175],"class_list":["post-7641","post","type-post","status-publish","format-standard","has-post-thumbnail","hentry","category-cambio-orario","tag-pausa-caffe"],"_links":{"self":[{"href":"https:\/\/radio8.live\/index.php?rest_route=\/wp\/v2\/posts\/7641","targetHints":{"allow":["GET"]}}],"collection":[{"href":"https:\/\/radio8.live\/index.php?rest_route=\/wp\/v2\/posts"}],"about":[{"href":"https:\/\/radio8.live\/index.php?rest_route=\/wp\/v2\/types\/post"}],"author":[{"embeddable":true,"href":"https:\/\/radio8.live\/index.php?rest_route=\/wp\/v2\/users\/1"}],"replies":[{"embeddable":true,"href":"https:\/\/radio8.live\/index.php?rest_route=%2Fwp%2Fv2%2Fcomments&post=7641"}],"version-history":[{"count":1,"href":"https:\/\/radio8.live\/index.php?rest_route=\/wp\/v2\/posts\/7641\/revisions"}],"predecessor-version":[{"id":7643,"href":"https:\/\/radio8.live\/index.php?rest_route=\/wp\/v2\/posts\/7641\/revisions\/7643"}],"wp:featuredmedia":[{"embeddable":true,"href":"https:\/\/radio8.live\/index.php?rest_route=\/wp\/v2\/media\/7019"}],"wp:attachment":[{"href":"https:\/\/radio8.live\/index.php?rest_route=%2Fwp%2Fv2%2Fmedia&parent=7641"}],"wp:term":[{"taxonomy":"category","embeddable":true,"href":"https:\/\/radio8.live\/index.php?rest_route=%2Fwp%2Fv2%2Fcategories&post=7641"},{"taxonomy":"post_tag","embeddable":true,"href":"https:\/\/radio8.live\/index.php?rest_route=%2Fwp%2Fv2%2Ftags&post=7641"}],"curies":[{"name":"wp","href":"https:\/\/api.w.org\/{rel}","templated":true}]}}