{"id":7639,"date":"2022-10-14T20:08:42","date_gmt":"2022-10-14T18:08:42","guid":{"rendered":"http:\/\/radio8.live\/?p=7639"},"modified":"2022-10-14T20:08:42","modified_gmt":"2022-10-14T18:08:42","slug":"no-war-and-music","status":"publish","type":"post","link":"https:\/\/radio8.live\/?p=7639","title":{"rendered":"NO WAR AND MUSIC"},"content":{"rendered":"<h3 id=\"tw-target-text\" class=\"tw-data-text tw-text-large tw-ta\" dir=\"ltr\" data-placeholder=\"Translation\"><span class=\"Y2IQFc\" lang=\"it\">Per quanto sia difficile da credere, viviamo in uno dei periodi pi\u00f9 difficili della storia umana. Gli omicidi si verificano da secoli nella maggior parte del mondo. Nonostante gli orrori diffusi su Internet, le morti violente dovute a guerre tra stati sono ai massimi storici.<\/span><\/h3>\n<h3 class=\"tw-data-text tw-text-large tw-ta\" dir=\"ltr\" data-placeholder=\"Translation\"><span class=\"Y2IQFc\" lang=\"it\"> Negli ultimi anni i decessi causati dalla guerra civile sono aumentati a causa dei conflitti in Afghanistan, Sud Sudan, Siria e Yemen,Ucraina, Libia, Etiopia, ect etc ci sono troppi conflitti.<\/span><\/h3>\n<h3 id=\"tw-target-text\" class=\"tw-data-text tw-text-large tw-ta\" dir=\"ltr\" data-placeholder=\"Translation\"><span class=\"Y2IQFc\" lang=\"it\">Nel secolo scorso, la percentuale di vittime civili \u00e8 aumentata drammaticamente da circa il 15% nella prima guerra mondiale a oltre il 60% nella seconda. E negli oltre 160 &#8220;grandi conflitti&#8221; che il pianeta ha vissuto dopo la fine della seconda guerra mondiale, che hanno causato la morte di oltre 25 milioni di persone, la percentuale di vittime civili \u00e8 stata costantemente intorno al novanta per cento del totale, molto simile i dati del conflitto afgano. Lavorando in regioni dilaniate dalla guerra per pi\u00f9 di 25 anni, ho assistito a questa realt\u00e0 crudele e triste, ho percepito l&#8217;entit\u00e0 di questa tragedia sociale, di questa carneficina di civili, che si verifica principalmente in aree con strutture sanitarie quasi inesistenti. EMERGENCY ha costruito e gestito negli anni ospedali chirurgici per vittime di guerra in Ruanda, Cambogia, Iraq, Afghanistan, Sierra Leone e in molti altri Paesi, ampliando poi la propria attivit\u00e0 medica includendo centri pediatrici e maternit\u00e0, centri di riabilitazione, ambulatori e posti di pronto soccorso. L&#8217;origine e la fondazione di EMERGENCY nel lontano 1994, non derivava da un insieme di principi e dichiarazioni. Piuttosto, \u00e8 stato concepito sui tavoli operatori e nei reparti ospedalieri.<\/span><\/h3>\n<h3>Gino Strada il fondatore di EMERGENCY che oggi non \u00e8 pi\u00f9 in questa terra, sarebbe senza parole, anche noi di radio8 ne siamo certi.<\/h3>\n<h2><strong>che fine ha fatto il &#8220;we are the world&#8221;?<\/strong><\/h2>\n<p><iframe title=\"USA For Africa - We Are The World (HQ official Video)\" width=\"1170\" height=\"878\" src=\"https:\/\/www.youtube.com\/embed\/s3wNuru4U0I?feature=oembed\" frameborder=\"0\" allow=\"accelerometer; autoplay; clipboard-write; encrypted-media; gyroscope; picture-in-picture\" allowfullscreen><\/iframe><\/p>\n<h2 id=\"tw-target-text\" class=\"tw-data-text tw-text-large tw-ta\" dir=\"ltr\" data-placeholder=\"Translation\"><span class=\"Y2IQFc\" lang=\"it\">L&#8217;abolizione delle guerre \u00e8 il primo passo indispensabile per la nostra civilt\u00e0\u00a0<\/span><\/h2>\n","protected":false},"excerpt":{"rendered":"<p>Per quanto sia difficile da credere, viviamo in uno dei periodi pi\u00f9 difficili della storia umana. Gli omicidi si verificano da secoli nella maggior parte del mondo. Nonostante gli orrori diffusi su Internet, le morti violente dovute a guerre tra stati sono ai massimi storici. Negli ultimi anni i decessi ...<\/p>\n","protected":false},"author":1,"featured_media":7013,"comment_status":"open","ping_status":"open","sticky":false,"template":"","format":"standard","meta":{"_joinchat":[],"footnotes":""},"categories":[172],"tags":[173],"class_list":["post-7639","post","type-post","status-publish","format-standard","has-post-thumbnail","hentry","category-peace","tag-pace-peace"],"_links":{"self":[{"href":"https:\/\/radio8.live\/index.php?rest_route=\/wp\/v2\/posts\/7639","targetHints":{"allow":["GET"]}}],"collection":[{"href":"https:\/\/radio8.live\/index.php?rest_route=\/wp\/v2\/posts"}],"about":[{"href":"https:\/\/radio8.live\/index.php?rest_route=\/wp\/v2\/types\/post"}],"author":[{"embeddable":true,"href":"https:\/\/radio8.live\/index.php?rest_route=\/wp\/v2\/users\/1"}],"replies":[{"embeddable":true,"href":"https:\/\/radio8.live\/index.php?rest_route=%2Fwp%2Fv2%2Fcomments&post=7639"}],"version-history":[{"count":1,"href":"https:\/\/radio8.live\/index.php?rest_route=\/wp\/v2\/posts\/7639\/revisions"}],"predecessor-version":[{"id":7640,"href":"https:\/\/radio8.live\/index.php?rest_route=\/wp\/v2\/posts\/7639\/revisions\/7640"}],"wp:featuredmedia":[{"embeddable":true,"href":"https:\/\/radio8.live\/index.php?rest_route=\/wp\/v2\/media\/7013"}],"wp:attachment":[{"href":"https:\/\/radio8.live\/index.php?rest_route=%2Fwp%2Fv2%2Fmedia&parent=7639"}],"wp:term":[{"taxonomy":"category","embeddable":true,"href":"https:\/\/radio8.live\/index.php?rest_route=%2Fwp%2Fv2%2Fcategories&post=7639"},{"taxonomy":"post_tag","embeddable":true,"href":"https:\/\/radio8.live\/index.php?rest_route=%2Fwp%2Fv2%2Ftags&post=7639"}],"curies":[{"name":"wp","href":"https:\/\/api.w.org\/{rel}","templated":true}]}}